{"id":28,"date":"2022-04-04T16:16:02","date_gmt":"2022-04-04T19:16:02","guid":{"rendered":"https:\/\/drfranciscosalvia.com.br\/blog\/?p=28"},"modified":"2022-04-04T16:16:04","modified_gmt":"2022-04-04T19:16:04","slug":"caneta-do-emagrecimento-quem-pode-usar","status":"publish","type":"post","link":"https:\/\/drfranciscosalvia.com.br\/blog\/caneta-do-emagrecimento-quem-pode-usar\/","title":{"rendered":"Caneta do emagrecimento: quem pode usar?"},"content":{"rendered":"\n<p>Segundo a OMS (Organiza\u00e7\u00e3o Mundial da Sa\u00fade), a <a href=\"https:\/\/www.sbemsp.org.br\/imprensa\/releases\/736-a-obesidade-e-uma-doenca\" target=\"_blank\" rel=\"noreferrer noopener\">obesidade<\/a> se tornou uma epidemia mundial.<\/p>\n\n\n\n<p>Essa condi\u00e7\u00e3o, que possui v\u00e1rios n\u00edveis e provoca v\u00e1rios tipos de doen\u00e7as, afeta tamb\u00e9m a autoestima de pessoas que t\u00eam a sua apar\u00eancia prejudicada pelo sobrepeso.<\/p>\n\n\n\n<p>Por causa da busca por solu\u00e7\u00f5es contra o excesso de gordura, todos os anos surgem novos tratamentos, m\u00e9todos e f\u00e1rmacos para combater a obesidade.<\/p>\n\n\n\n<p>Nesse escopo, surgiu h\u00e1 pouco tempo a chamada caneta do emagrecimento.<\/p>\n\n\n\n<p>Voc\u00ea j\u00e1 tinha ouvido falar nesse produto?<\/p>\n\n\n\n<p>Continue lendo e entenda o que \u00e9, como funciona e quem pode usar esse m\u00e9todo!<\/p>\n\n\n\n<figure class=\"wp-block-image size-large\"><img loading=\"lazy\" decoding=\"async\" width=\"1024\" height=\"536\" src=\"https:\/\/drfranciscosalvia.com.br\/blog\/wp-content\/uploads\/2022\/04\/caneta-do-emagrecimento-quem-pode-usar-1024x536.jpg\" alt=\"Caneta do emagrecimento\" class=\"wp-image-29\" srcset=\"https:\/\/drfranciscosalvia.com.br\/blog\/wp-content\/uploads\/2022\/04\/caneta-do-emagrecimento-quem-pode-usar-1024x536.jpg 1024w, https:\/\/drfranciscosalvia.com.br\/blog\/wp-content\/uploads\/2022\/04\/caneta-do-emagrecimento-quem-pode-usar-300x157.jpg 300w, https:\/\/drfranciscosalvia.com.br\/blog\/wp-content\/uploads\/2022\/04\/caneta-do-emagrecimento-quem-pode-usar-768x402.jpg 768w, https:\/\/drfranciscosalvia.com.br\/blog\/wp-content\/uploads\/2022\/04\/caneta-do-emagrecimento-quem-pode-usar.jpg 1200w\" sizes=\"auto, (max-width: 1024px) 100vw, 1024px\" \/><\/figure>\n\n\n\n<h2 class=\"wp-block-heading\">O que \u00e9 e como funciona a caneta do emagrecimento<\/h2>\n\n\n\n<p>A caneta do emagrecimento nada mais \u00e9 que uma seringa cheia de subst\u00e2ncias que podem ajudar na queima de gordura.<\/p>\n\n\n\n<p>Dentre as subst\u00e2ncias que podem compor o equipamento est\u00e3o a Semaglutida e a Liraglutida.<\/p>\n\n\n\n<p>Inicialmente esses compostos s\u00f3 eram usados para o tratamento de diabetes tipo 2, mas testes preliminares confirmaram a sua efic\u00e1cia tamb\u00e9m contra o excesso de gordura corporal.<\/p>\n\n\n\n<p>As seringas podem ser do modelo tradicional ou algum mais recente.<\/p>\n\n\n\n<h3 class=\"wp-block-heading\">Como \u00e9 feita a aplica\u00e7\u00e3o?<\/h3>\n\n\n\n<p>Para fazer as aplica\u00e7\u00f5es com a caneta do emagrecimento a pessoa deve injetar a subst\u00e2ncia diretamente na barriga.<\/p>\n\n\n\n<p>Essa forma j\u00e1 \u00e9 conhecida por profissionais da sa\u00fade que atendem diab\u00e9ticos que tomam insulina diariamente da mesma forma.<\/p>\n\n\n\n<p>Vale sempre a pena lembrar que as aplica\u00e7\u00f5es exigem certo n\u00edvel de per\u00edcia e n\u00e3o podem ser feitas por qualquer pessoa.<\/p>\n\n\n\n<h3 class=\"wp-block-heading\">Como age a caneta do emagrecimento?<\/h3>\n\n\n\n<p>Como dissemos anteriormente, o segredo por tr\u00e1s da caneta s\u00e3o as subst\u00e2ncias contidas nela.<\/p>\n\n\n\n<p>Essas subst\u00e2ncias, por sua vez, ajudam a regular a a\u00e7\u00e3o de horm\u00f4nios que \u201cavisam\u201d o c\u00e9rebro que a produ\u00e7\u00e3o de insulina deve come\u00e7ar, logo ap\u00f3s as refei\u00e7\u00f5es.<\/p>\n\n\n\n<p>Esse controle acaba, al\u00e9m de equilibrar a glicose, tamb\u00e9m regulando a fome e dando uma sensa\u00e7\u00e3o de saciedade maior.<\/p>\n\n\n\n<p>Com isso, a pessoa submetida ao m\u00e9todo come menos e acaba perdendo peso.<\/p>\n\n\n\n<h3 class=\"wp-block-heading\">O m\u00e9todo \u00e9 seguro?<\/h3>\n\n\n\n<p>Atualmente o uso da Semaglutida est\u00e1 liberado para uso apenas no tratamento do diabetes tipo 2.<\/p>\n\n\n\n<p>Estudos cl\u00ednicos est\u00e3o sendo feitos pela Anvisa (Ag\u00eancia Nacional de Vigil\u00e2ncia Sanit\u00e1ria), com o intuito de liberar totalmente o uso da subst\u00e2ncia.<\/p>\n\n\n\n<p>J\u00e1 a Liraglutida, que tamb\u00e9m \u00e9 usada na caneta do emagrecimento, tem o seu uso autorizado para tratamento de obesidade desde 2016.<\/p>\n\n\n\n<p>At\u00e9 agora os estudos mostram que \u00e9 seguro utilizar apenas uma inje\u00e7\u00e3o por semana, de n\u00e3o mais que 2,4mg.<\/p>\n\n\n\n<h2 class=\"wp-block-heading\">Quem pode e quem n\u00e3o pode usar a caneta contra a obesidade?<\/h2>\n\n\n\n<p>O uso da caneta do emagrecimento \u00e9 autorizado e recomendado para pessoas que estejam obesas em algum grau.<\/p>\n\n\n\n<p>Lembrando que o grau de obesidade \u00e9 medido com base no IMC (\u00cdndice de Massa Corporal) da pessoa.&nbsp;<\/p>\n\n\n\n<p>Com isso, os graus de obesidade s\u00e3o os seguintes:<\/p>\n\n\n\n<ul class=\"wp-block-list\"><li><strong>Grau 1<\/strong>: IMC entre 30 e 34,9;<\/li><li><strong>Grau 2<\/strong>: IMC entre 30 e 39,9;<\/li><li><strong>Grau 3<\/strong>: IMC acima de 40.<\/li><\/ul>\n\n\n\n<p>J\u00e1 em pessoas que est\u00e3o apenas com sobrepeso, ou seja, que ainda n\u00e3o atingiram nenhum grau de obesidade mas tamb\u00e9m n\u00e3o est\u00e3o no peso ideal, o uso da caneta \u00e9 recomendado apenas se o sobrepeso provocar efeitos negativos \u00e0 sua sa\u00fade, como press\u00e3o alta, apneia do sono, falta de ar e outros.<\/p>\n\n\n\n<p>O uso desse m\u00e9todo para perda de peso \u00e9 indicado, por enquanto, apenas para adultos.<\/p>\n\n\n\n<h2 class=\"wp-block-heading\">Existem efeitos colaterais?<\/h2>\n\n\n\n<p>O uso de Semaglutida, Liraglutida e outras subst\u00e2ncias que podem compor a caneta do emagrecimento pode causar alguns efeitos adversos.<\/p>\n\n\n\n<p>Entretanto, eles s\u00e3o bastante leves e quase que completamente relacionados ao trato intestinal. Confira alguns:<\/p>\n\n\n\n<ul class=\"wp-block-list\"><li>Diarreia;<\/li><li>Pris\u00e3o de ventre;<\/li><li>V\u00f4mito e n\u00e1useas;<\/li><li>Indigest\u00e3o;<\/li><li>Dores abdominais;<\/li><li>Excesso de gases intestinais;<\/li><li>Dores de cabe\u00e7a;<\/li><li>Fadiga;<\/li><li>Dentre alguns outros.<\/li><\/ul>\n\n\n\n<h2 class=\"wp-block-heading\">Procure um atendimento profissional&nbsp;<\/h2>\n\n\n\n<p>O uso da caneta do emagrecimento \u00e9 bastante ben\u00e9fico, desde que feito com seguran\u00e7a.<\/p>\n\n\n\n<p>Inclusive, os efeitos colaterais das aplica\u00e7\u00f5es podem ser reduzidos mediante o acompanhamento de um m\u00e9dico.<\/p>\n\n\n\n<p>E por falar em m\u00e9dico que pode te ajudar na jornada por um emagrecimento saud\u00e1vel, temos o Dr. Francisco Salvia!<\/p>\n\n\n\n<p>Este profissional \u00e9 formado em Nutrologia Esportiva e sabe tudo sobre emagrecer com sa\u00fade.<\/p>\n\n\n\n<p>Agende agora a sua <a href=\"https:\/\/drfranciscosalvia.com.br\/agende-sua-consulta\">consulta<\/a>!<\/p>\n","protected":false},"excerpt":{"rendered":"<p>Segundo a OMS (Organiza\u00e7\u00e3o Mundial da Sa\u00fade), a obesidade se tornou uma epidemia mundial. Essa condi\u00e7\u00e3o, que possui v\u00e1rios n\u00edveis e provoca v\u00e1rios tipos de doen\u00e7as, afeta tamb\u00e9m a autoestima de pessoas que t\u00eam a sua apar\u00eancia prejudicada pelo sobrepeso. Por causa da busca por solu\u00e7\u00f5es contra o excesso de gordura, todos os anos surgem [&hellip;]<\/p>\n","protected":false},"author":1,"featured_media":29,"comment_status":"open","ping_status":"open","sticky":false,"template":"","format":"standard","meta":{"footnotes":""},"categories":[1],"tags":[],"class_list":["post-28","post","type-post","status-publish","format-standard","has-post-thumbnail","hentry","category-sem-categoria"],"yoast_head":"<!-- This site is optimized with the Yoast SEO plugin v27.2 - https:\/\/yoast.com\/product\/yoast-seo-wordpress\/ -->\n<title>Saiba agora quem pode usar a famosa caneta do emagrecimento! \u2013 Dr. Francisco Salvia<\/title>\n<meta name=\"description\" content=\"Entenda como funciona e quem est\u00e1 apto a receber o tratamento com a caneta do emagrecimento.\" \/>\n<meta name=\"robots\" content=\"index, follow, max-snippet:-1, max-image-preview:large, max-video-preview:-1\" \/>\n<link rel=\"canonical\" href=\"https:\/\/drfranciscosalvia.com.br\/blog\/caneta-do-emagrecimento-quem-pode-usar\/\" \/>\n<meta property=\"og:locale\" content=\"pt_BR\" \/>\n<meta property=\"og:type\" content=\"article\" \/>\n<meta property=\"og:title\" content=\"Saiba agora quem pode usar a famosa caneta do emagrecimento! \u2013 Dr. Francisco Salvia\" \/>\n<meta property=\"og:description\" content=\"Entenda como funciona e quem est\u00e1 apto a receber o tratamento com a caneta do emagrecimento.\" \/>\n<meta property=\"og:url\" content=\"https:\/\/drfranciscosalvia.com.br\/blog\/caneta-do-emagrecimento-quem-pode-usar\/\" \/>\n<meta property=\"og:site_name\" content=\"Dr. Francisco Salvia\" \/>\n<meta property=\"article:published_time\" content=\"2022-04-04T19:16:02+00:00\" \/>\n<meta property=\"article:modified_time\" content=\"2022-04-04T19:16:04+00:00\" \/>\n<meta property=\"og:image\" content=\"https:\/\/drfranciscosalvia.com.br\/blog\/wp-content\/uploads\/2022\/04\/caneta-do-emagrecimento-quem-pode-usar.jpg\" \/>\n\t<meta property=\"og:image:width\" content=\"1200\" \/>\n\t<meta property=\"og:image:height\" content=\"628\" \/>\n\t<meta property=\"og:image:type\" content=\"image\/jpeg\" \/>\n<meta name=\"author\" content=\"shantal\" \/>\n<meta name=\"twitter:card\" content=\"summary_large_image\" \/>\n<meta name=\"twitter:label1\" content=\"Escrito por\" \/>\n\t<meta name=\"twitter:data1\" content=\"shantal\" \/>\n\t<meta name=\"twitter:label2\" content=\"Est. tempo de leitura\" \/>\n\t<meta name=\"twitter:data2\" content=\"4 minutos\" \/>\n<script type=\"application\/ld+json\" class=\"yoast-schema-graph\">{\"@context\":\"https:\/\/schema.org\",\"@graph\":[{\"@type\":\"Article\",\"@id\":\"https:\/\/drfranciscosalvia.com.br\/blog\/caneta-do-emagrecimento-quem-pode-usar\/#article\",\"isPartOf\":{\"@id\":\"https:\/\/drfranciscosalvia.com.br\/blog\/caneta-do-emagrecimento-quem-pode-usar\/\"},\"author\":{\"name\":\"shantal\",\"@id\":\"https:\/\/drfranciscosalvia.com.br\/blog\/#\/schema\/person\/c2b72c57207f90fa897dcc33ab015e00\"},\"headline\":\"Caneta do emagrecimento: quem pode usar?\",\"datePublished\":\"2022-04-04T19:16:02+00:00\",\"dateModified\":\"2022-04-04T19:16:04+00:00\",\"mainEntityOfPage\":{\"@id\":\"https:\/\/drfranciscosalvia.com.br\/blog\/caneta-do-emagrecimento-quem-pode-usar\/\"},\"wordCount\":738,\"commentCount\":0,\"image\":{\"@id\":\"https:\/\/drfranciscosalvia.com.br\/blog\/caneta-do-emagrecimento-quem-pode-usar\/#primaryimage\"},\"thumbnailUrl\":\"https:\/\/drfranciscosalvia.com.br\/blog\/wp-content\/uploads\/2022\/04\/caneta-do-emagrecimento-quem-pode-usar.jpg\",\"inLanguage\":\"pt-BR\",\"potentialAction\":[{\"@type\":\"CommentAction\",\"name\":\"Comment\",\"target\":[\"https:\/\/drfranciscosalvia.com.br\/blog\/caneta-do-emagrecimento-quem-pode-usar\/#respond\"]}]},{\"@type\":\"WebPage\",\"@id\":\"https:\/\/drfranciscosalvia.com.br\/blog\/caneta-do-emagrecimento-quem-pode-usar\/\",\"url\":\"https:\/\/drfranciscosalvia.com.br\/blog\/caneta-do-emagrecimento-quem-pode-usar\/\",\"name\":\"Saiba agora quem pode usar a famosa caneta do emagrecimento! \u2013 Dr. Francisco Salvia\",\"isPartOf\":{\"@id\":\"https:\/\/drfranciscosalvia.com.br\/blog\/#website\"},\"primaryImageOfPage\":{\"@id\":\"https:\/\/drfranciscosalvia.com.br\/blog\/caneta-do-emagrecimento-quem-pode-usar\/#primaryimage\"},\"image\":{\"@id\":\"https:\/\/drfranciscosalvia.com.br\/blog\/caneta-do-emagrecimento-quem-pode-usar\/#primaryimage\"},\"thumbnailUrl\":\"https:\/\/drfranciscosalvia.com.br\/blog\/wp-content\/uploads\/2022\/04\/caneta-do-emagrecimento-quem-pode-usar.jpg\",\"datePublished\":\"2022-04-04T19:16:02+00:00\",\"dateModified\":\"2022-04-04T19:16:04+00:00\",\"author\":{\"@id\":\"https:\/\/drfranciscosalvia.com.br\/blog\/#\/schema\/person\/c2b72c57207f90fa897dcc33ab015e00\"},\"description\":\"Entenda como funciona e quem est\u00e1 apto a receber o tratamento com a caneta do emagrecimento.\",\"breadcrumb\":{\"@id\":\"https:\/\/drfranciscosalvia.com.br\/blog\/caneta-do-emagrecimento-quem-pode-usar\/#breadcrumb\"},\"inLanguage\":\"pt-BR\",\"potentialAction\":[{\"@type\":\"ReadAction\",\"target\":[\"https:\/\/drfranciscosalvia.com.br\/blog\/caneta-do-emagrecimento-quem-pode-usar\/\"]}]},{\"@type\":\"ImageObject\",\"inLanguage\":\"pt-BR\",\"@id\":\"https:\/\/drfranciscosalvia.com.br\/blog\/caneta-do-emagrecimento-quem-pode-usar\/#primaryimage\",\"url\":\"https:\/\/drfranciscosalvia.com.br\/blog\/wp-content\/uploads\/2022\/04\/caneta-do-emagrecimento-quem-pode-usar.jpg\",\"contentUrl\":\"https:\/\/drfranciscosalvia.com.br\/blog\/wp-content\/uploads\/2022\/04\/caneta-do-emagrecimento-quem-pode-usar.jpg\",\"width\":1200,\"height\":628,\"caption\":\"Caneta do emagrecimento\"},{\"@type\":\"BreadcrumbList\",\"@id\":\"https:\/\/drfranciscosalvia.com.br\/blog\/caneta-do-emagrecimento-quem-pode-usar\/#breadcrumb\",\"itemListElement\":[{\"@type\":\"ListItem\",\"position\":1,\"name\":\"In\u00edcio\",\"item\":\"https:\/\/drfranciscosalvia.com.br\/blog\/\"},{\"@type\":\"ListItem\",\"position\":2,\"name\":\"Caneta do emagrecimento: quem pode usar?\"}]},{\"@type\":\"WebSite\",\"@id\":\"https:\/\/drfranciscosalvia.com.br\/blog\/#website\",\"url\":\"https:\/\/drfranciscosalvia.com.br\/blog\/\",\"name\":\"Dr. Francisco Salvia\",\"description\":\"S\u00f3 mais um site WordPress\",\"potentialAction\":[{\"@type\":\"SearchAction\",\"target\":{\"@type\":\"EntryPoint\",\"urlTemplate\":\"https:\/\/drfranciscosalvia.com.br\/blog\/?s={search_term_string}\"},\"query-input\":{\"@type\":\"PropertyValueSpecification\",\"valueRequired\":true,\"valueName\":\"search_term_string\"}}],\"inLanguage\":\"pt-BR\"},{\"@type\":\"Person\",\"@id\":\"https:\/\/drfranciscosalvia.com.br\/blog\/#\/schema\/person\/c2b72c57207f90fa897dcc33ab015e00\",\"name\":\"shantal\",\"image\":{\"@type\":\"ImageObject\",\"inLanguage\":\"pt-BR\",\"@id\":\"https:\/\/secure.gravatar.com\/avatar\/8ef944e9a5c6275a3ecb3d09208f68a421f344a530f997d36733641e39f6cd62?s=96&d=mm&r=g\",\"url\":\"https:\/\/secure.gravatar.com\/avatar\/8ef944e9a5c6275a3ecb3d09208f68a421f344a530f997d36733641e39f6cd62?s=96&d=mm&r=g\",\"contentUrl\":\"https:\/\/secure.gravatar.com\/avatar\/8ef944e9a5c6275a3ecb3d09208f68a421f344a530f997d36733641e39f6cd62?s=96&d=mm&r=g\",\"caption\":\"shantal\"},\"sameAs\":[\"https:\/\/beta.drfranciscosalvia.com.br\/blog\"],\"url\":\"https:\/\/drfranciscosalvia.com.br\/blog\/author\/shantal\/\"}]}<\/script>\n<!-- \/ Yoast SEO plugin. -->","yoast_head_json":{"title":"Saiba agora quem pode usar a famosa caneta do emagrecimento! \u2013 Dr. Francisco Salvia","description":"Entenda como funciona e quem est\u00e1 apto a receber o tratamento com a caneta do emagrecimento.","robots":{"index":"index","follow":"follow","max-snippet":"max-snippet:-1","max-image-preview":"max-image-preview:large","max-video-preview":"max-video-preview:-1"},"canonical":"https:\/\/drfranciscosalvia.com.br\/blog\/caneta-do-emagrecimento-quem-pode-usar\/","og_locale":"pt_BR","og_type":"article","og_title":"Saiba agora quem pode usar a famosa caneta do emagrecimento! \u2013 Dr. Francisco Salvia","og_description":"Entenda como funciona e quem est\u00e1 apto a receber o tratamento com a caneta do emagrecimento.","og_url":"https:\/\/drfranciscosalvia.com.br\/blog\/caneta-do-emagrecimento-quem-pode-usar\/","og_site_name":"Dr. Francisco Salvia","article_published_time":"2022-04-04T19:16:02+00:00","article_modified_time":"2022-04-04T19:16:04+00:00","og_image":[{"width":1200,"height":628,"url":"https:\/\/drfranciscosalvia.com.br\/blog\/wp-content\/uploads\/2022\/04\/caneta-do-emagrecimento-quem-pode-usar.jpg","type":"image\/jpeg"}],"author":"shantal","twitter_card":"summary_large_image","twitter_misc":{"Escrito por":"shantal","Est. tempo de leitura":"4 minutos"},"schema":{"@context":"https:\/\/schema.org","@graph":[{"@type":"Article","@id":"https:\/\/drfranciscosalvia.com.br\/blog\/caneta-do-emagrecimento-quem-pode-usar\/#article","isPartOf":{"@id":"https:\/\/drfranciscosalvia.com.br\/blog\/caneta-do-emagrecimento-quem-pode-usar\/"},"author":{"name":"shantal","@id":"https:\/\/drfranciscosalvia.com.br\/blog\/#\/schema\/person\/c2b72c57207f90fa897dcc33ab015e00"},"headline":"Caneta do emagrecimento: quem pode usar?","datePublished":"2022-04-04T19:16:02+00:00","dateModified":"2022-04-04T19:16:04+00:00","mainEntityOfPage":{"@id":"https:\/\/drfranciscosalvia.com.br\/blog\/caneta-do-emagrecimento-quem-pode-usar\/"},"wordCount":738,"commentCount":0,"image":{"@id":"https:\/\/drfranciscosalvia.com.br\/blog\/caneta-do-emagrecimento-quem-pode-usar\/#primaryimage"},"thumbnailUrl":"https:\/\/drfranciscosalvia.com.br\/blog\/wp-content\/uploads\/2022\/04\/caneta-do-emagrecimento-quem-pode-usar.jpg","inLanguage":"pt-BR","potentialAction":[{"@type":"CommentAction","name":"Comment","target":["https:\/\/drfranciscosalvia.com.br\/blog\/caneta-do-emagrecimento-quem-pode-usar\/#respond"]}]},{"@type":"WebPage","@id":"https:\/\/drfranciscosalvia.com.br\/blog\/caneta-do-emagrecimento-quem-pode-usar\/","url":"https:\/\/drfranciscosalvia.com.br\/blog\/caneta-do-emagrecimento-quem-pode-usar\/","name":"Saiba agora quem pode usar a famosa caneta do emagrecimento! \u2013 Dr. Francisco Salvia","isPartOf":{"@id":"https:\/\/drfranciscosalvia.com.br\/blog\/#website"},"primaryImageOfPage":{"@id":"https:\/\/drfranciscosalvia.com.br\/blog\/caneta-do-emagrecimento-quem-pode-usar\/#primaryimage"},"image":{"@id":"https:\/\/drfranciscosalvia.com.br\/blog\/caneta-do-emagrecimento-quem-pode-usar\/#primaryimage"},"thumbnailUrl":"https:\/\/drfranciscosalvia.com.br\/blog\/wp-content\/uploads\/2022\/04\/caneta-do-emagrecimento-quem-pode-usar.jpg","datePublished":"2022-04-04T19:16:02+00:00","dateModified":"2022-04-04T19:16:04+00:00","author":{"@id":"https:\/\/drfranciscosalvia.com.br\/blog\/#\/schema\/person\/c2b72c57207f90fa897dcc33ab015e00"},"description":"Entenda como funciona e quem est\u00e1 apto a receber o tratamento com a caneta do emagrecimento.","breadcrumb":{"@id":"https:\/\/drfranciscosalvia.com.br\/blog\/caneta-do-emagrecimento-quem-pode-usar\/#breadcrumb"},"inLanguage":"pt-BR","potentialAction":[{"@type":"ReadAction","target":["https:\/\/drfranciscosalvia.com.br\/blog\/caneta-do-emagrecimento-quem-pode-usar\/"]}]},{"@type":"ImageObject","inLanguage":"pt-BR","@id":"https:\/\/drfranciscosalvia.com.br\/blog\/caneta-do-emagrecimento-quem-pode-usar\/#primaryimage","url":"https:\/\/drfranciscosalvia.com.br\/blog\/wp-content\/uploads\/2022\/04\/caneta-do-emagrecimento-quem-pode-usar.jpg","contentUrl":"https:\/\/drfranciscosalvia.com.br\/blog\/wp-content\/uploads\/2022\/04\/caneta-do-emagrecimento-quem-pode-usar.jpg","width":1200,"height":628,"caption":"Caneta do emagrecimento"},{"@type":"BreadcrumbList","@id":"https:\/\/drfranciscosalvia.com.br\/blog\/caneta-do-emagrecimento-quem-pode-usar\/#breadcrumb","itemListElement":[{"@type":"ListItem","position":1,"name":"In\u00edcio","item":"https:\/\/drfranciscosalvia.com.br\/blog\/"},{"@type":"ListItem","position":2,"name":"Caneta do emagrecimento: quem pode usar?"}]},{"@type":"WebSite","@id":"https:\/\/drfranciscosalvia.com.br\/blog\/#website","url":"https:\/\/drfranciscosalvia.com.br\/blog\/","name":"Dr. Francisco Salvia","description":"S\u00f3 mais um site WordPress","potentialAction":[{"@type":"SearchAction","target":{"@type":"EntryPoint","urlTemplate":"https:\/\/drfranciscosalvia.com.br\/blog\/?s={search_term_string}"},"query-input":{"@type":"PropertyValueSpecification","valueRequired":true,"valueName":"search_term_string"}}],"inLanguage":"pt-BR"},{"@type":"Person","@id":"https:\/\/drfranciscosalvia.com.br\/blog\/#\/schema\/person\/c2b72c57207f90fa897dcc33ab015e00","name":"shantal","image":{"@type":"ImageObject","inLanguage":"pt-BR","@id":"https:\/\/secure.gravatar.com\/avatar\/8ef944e9a5c6275a3ecb3d09208f68a421f344a530f997d36733641e39f6cd62?s=96&d=mm&r=g","url":"https:\/\/secure.gravatar.com\/avatar\/8ef944e9a5c6275a3ecb3d09208f68a421f344a530f997d36733641e39f6cd62?s=96&d=mm&r=g","contentUrl":"https:\/\/secure.gravatar.com\/avatar\/8ef944e9a5c6275a3ecb3d09208f68a421f344a530f997d36733641e39f6cd62?s=96&d=mm&r=g","caption":"shantal"},"sameAs":["https:\/\/beta.drfranciscosalvia.com.br\/blog"],"url":"https:\/\/drfranciscosalvia.com.br\/blog\/author\/shantal\/"}]}},"_links":{"self":[{"href":"https:\/\/drfranciscosalvia.com.br\/blog\/wp-json\/wp\/v2\/posts\/28","targetHints":{"allow":["GET"]}}],"collection":[{"href":"https:\/\/drfranciscosalvia.com.br\/blog\/wp-json\/wp\/v2\/posts"}],"about":[{"href":"https:\/\/drfranciscosalvia.com.br\/blog\/wp-json\/wp\/v2\/types\/post"}],"author":[{"embeddable":true,"href":"https:\/\/drfranciscosalvia.com.br\/blog\/wp-json\/wp\/v2\/users\/1"}],"replies":[{"embeddable":true,"href":"https:\/\/drfranciscosalvia.com.br\/blog\/wp-json\/wp\/v2\/comments?post=28"}],"version-history":[{"count":1,"href":"https:\/\/drfranciscosalvia.com.br\/blog\/wp-json\/wp\/v2\/posts\/28\/revisions"}],"predecessor-version":[{"id":30,"href":"https:\/\/drfranciscosalvia.com.br\/blog\/wp-json\/wp\/v2\/posts\/28\/revisions\/30"}],"wp:featuredmedia":[{"embeddable":true,"href":"https:\/\/drfranciscosalvia.com.br\/blog\/wp-json\/wp\/v2\/media\/29"}],"wp:attachment":[{"href":"https:\/\/drfranciscosalvia.com.br\/blog\/wp-json\/wp\/v2\/media?parent=28"}],"wp:term":[{"taxonomy":"category","embeddable":true,"href":"https:\/\/drfranciscosalvia.com.br\/blog\/wp-json\/wp\/v2\/categories?post=28"},{"taxonomy":"post_tag","embeddable":true,"href":"https:\/\/drfranciscosalvia.com.br\/blog\/wp-json\/wp\/v2\/tags?post=28"}],"curies":[{"name":"wp","href":"https:\/\/api.w.org\/{rel}","templated":true}]}}